{"id":89,"date":"2018-03-21T08:13:49","date_gmt":"2018-03-21T08:13:49","guid":{"rendered":"http:\/\/iespedroantoniodealarcon.es\/ecoescuela\/?p=89"},"modified":"2018-04-12T08:16:34","modified_gmt":"2018-04-12T08:16:34","slug":"mosaico-del-departamento-de-latin-y-griego","status":"publish","type":"post","link":"http:\/\/iespedroantoniodealarcon.es\/ecoescuela\/2018\/03\/21\/mosaico-del-departamento-de-latin-y-griego\/","title":{"rendered":"Mosaico del Departamento de Lat\u00edn y Griego"},"content":{"rendered":"<p>Los estudiantes de Lat\u00edn del I.E.S. Pedro Antonio de Alarc\u00f3n han confeccionado en este segundo trimestre, unos mosaicos con tapones de botellas muy vistosos y coloridos. Los mostramos en el patio con motivo de la celebraci\u00f3n del D\u00eda de Andaluc\u00eda para que pudieran ver la luz, para m\u00e1s tarde colocarlos en los pasillos del Centro decorando las paredes para deleite de los transe\u00fantes que quieran contemplarlo de manera gratuita, y probablemente se queden ah\u00ed hasta que se rompa, (o alguien rompa) su magia.<\/p>\n<p><img loading=\"lazy\" decoding=\"async\" class=\"aligncenter size-full wp-image-90\" src=\"http:\/\/iespedroantoniodealarcon.es\/ecoescuela\/wp-content\/uploads\/sites\/8\/2018\/04\/latin1.jpg\" alt=\"\" width=\"1800\" height=\"1350\" data-id=\"90\" srcset=\"http:\/\/iespedroantoniodealarcon.es\/ecoescuela\/wp-content\/uploads\/sites\/8\/2018\/04\/latin1.jpg 1800w, http:\/\/iespedroantoniodealarcon.es\/ecoescuela\/wp-content\/uploads\/sites\/8\/2018\/04\/latin1-300x225.jpg 300w, http:\/\/iespedroantoniodealarcon.es\/ecoescuela\/wp-content\/uploads\/sites\/8\/2018\/04\/latin1-768x576.jpg 768w, http:\/\/iespedroantoniodealarcon.es\/ecoescuela\/wp-content\/uploads\/sites\/8\/2018\/04\/latin1-1024x768.jpg 1024w, http:\/\/iespedroantoniodealarcon.es\/ecoescuela\/wp-content\/uploads\/sites\/8\/2018\/04\/latin1-400x300.jpg 400w\" sizes=\"auto, (max-width: 1800px) 100vw, 1800px\" \/><\/p>\n<p><img loading=\"lazy\" decoding=\"async\" class=\"aligncenter size-full wp-image-91\" src=\"http:\/\/iespedroantoniodealarcon.es\/ecoescuela\/wp-content\/uploads\/sites\/8\/2018\/04\/latin2.jpg\" alt=\"\" width=\"1800\" height=\"1350\" data-id=\"91\" srcset=\"http:\/\/iespedroantoniodealarcon.es\/ecoescuela\/wp-content\/uploads\/sites\/8\/2018\/04\/latin2.jpg 1800w, http:\/\/iespedroantoniodealarcon.es\/ecoescuela\/wp-content\/uploads\/sites\/8\/2018\/04\/latin2-300x225.jpg 300w, http:\/\/iespedroantoniodealarcon.es\/ecoescuela\/wp-content\/uploads\/sites\/8\/2018\/04\/latin2-768x576.jpg 768w, http:\/\/iespedroantoniodealarcon.es\/ecoescuela\/wp-content\/uploads\/sites\/8\/2018\/04\/latin2-1024x768.jpg 1024w, http:\/\/iespedroantoniodealarcon.es\/ecoescuela\/wp-content\/uploads\/sites\/8\/2018\/04\/latin2-400x300.jpg 400w\" sizes=\"auto, (max-width: 1800px) 100vw, 1800px\" \/><\/p>\n<p>El dise\u00f1o del lagarto se lo debemos a nuestra directora, que muy amablemente dedic\u00f3 su tiempo a ello, y el resultado es ese espectacular dibujo que tan bien hecho est\u00e1, much\u00edsimas gracias porque sin su ayuda no hubiera quedado tan bien.<\/p>\n<p>La lagartija es un animal que, seg\u00fan la creencia popular, da suerte en la vida porque protege de las cosas que no se ven en la vida porque es un animal nocturno. Es por ello que desde el \u00e1mbito de las Humanidades a todos los miembros que forman parte del Instituto, dedicamos nuestro trabajo.<\/p>\n","protected":false},"excerpt":{"rendered":"<p>Los estudiantes de Lat\u00edn del I.E.S. Pedro Antonio de Alarc\u00f3n han confeccionado en este segundo trimestre, unos mosaicos con tapones de botellas muy vistosos y coloridos. Los mostramos en el patio con motivo de la celebraci\u00f3n del D\u00eda de Andaluc\u00eda para que pudieran ver la luz, para m\u00e1s tarde colocarlos &hellip;<\/p>\n","protected":false},"author":11,"featured_media":90,"comment_status":"open","ping_status":"open","sticky":false,"template":"","format":"standard","meta":{"footnotes":""},"categories":[1],"tags":[],"class_list":["post-89","post","type-post","status-publish","format-standard","has-post-thumbnail","hentry","category-sin-categoria"],"_links":{"self":[{"href":"http:\/\/iespedroantoniodealarcon.es\/ecoescuela\/wp-json\/wp\/v2\/posts\/89","targetHints":{"allow":["GET"]}}],"collection":[{"href":"http:\/\/iespedroantoniodealarcon.es\/ecoescuela\/wp-json\/wp\/v2\/posts"}],"about":[{"href":"http:\/\/iespedroantoniodealarcon.es\/ecoescuela\/wp-json\/wp\/v2\/types\/post"}],"author":[{"embeddable":true,"href":"http:\/\/iespedroantoniodealarcon.es\/ecoescuela\/wp-json\/wp\/v2\/users\/11"}],"replies":[{"embeddable":true,"href":"http:\/\/iespedroantoniodealarcon.es\/ecoescuela\/wp-json\/wp\/v2\/comments?post=89"}],"version-history":[{"count":1,"href":"http:\/\/iespedroantoniodealarcon.es\/ecoescuela\/wp-json\/wp\/v2\/posts\/89\/revisions"}],"predecessor-version":[{"id":92,"href":"http:\/\/iespedroantoniodealarcon.es\/ecoescuela\/wp-json\/wp\/v2\/posts\/89\/revisions\/92"}],"wp:featuredmedia":[{"embeddable":true,"href":"http:\/\/iespedroantoniodealarcon.es\/ecoescuela\/wp-json\/wp\/v2\/media\/90"}],"wp:attachment":[{"href":"http:\/\/iespedroantoniodealarcon.es\/ecoescuela\/wp-json\/wp\/v2\/media?parent=89"}],"wp:term":[{"taxonomy":"category","embeddable":true,"href":"http:\/\/iespedroantoniodealarcon.es\/ecoescuela\/wp-json\/wp\/v2\/categories?post=89"},{"taxonomy":"post_tag","embeddable":true,"href":"http:\/\/iespedroantoniodealarcon.es\/ecoescuela\/wp-json\/wp\/v2\/tags?post=89"}],"curies":[{"name":"wp","href":"https:\/\/api.w.org\/{rel}","templated":true}]}}