{"id":23,"date":"2018-02-23T10:49:05","date_gmt":"2018-02-23T10:49:05","guid":{"rendered":"http:\/\/iespedroantoniodealarcon.es\/ecoescuela\/?p=23"},"modified":"2018-02-23T10:49:05","modified_gmt":"2018-02-23T10:49:05","slug":"nuestra-ecoescuela-crece-ya-tenemos-invernadero-compostera-y-un-nuevo-bancal","status":"publish","type":"post","link":"http:\/\/iespedroantoniodealarcon.es\/ecoescuela\/2018\/02\/23\/nuestra-ecoescuela-crece-ya-tenemos-invernadero-compostera-y-un-nuevo-bancal\/","title":{"rendered":"NUESTRA ECOESCUELA CRECE: YA TENEMOS INVERNADERO, COMPOSTERA Y UN NUEVO BANCAL"},"content":{"rendered":"<p class=\"m_6889342982222310289ydpf824c27dyiv4655597700ydp49fc1564MsoNormal\"><span lang=\"ES-TRAD\">Este curso, nuestra Ecoescuela cuenta con grandes novedades a nivel de infraestructuras: una compostera para el reciclaje de la materia org\u00e1nica, y un gran invernadero, obra casi completa del Ayuntamiento de Guadix, con el que queremos llevar a cabo grandes proyectos. Uno de ellos es cultivar las flores que lucir\u00e1n sus calles en primavera. Y otros que hay en mente: ser un centro de reproducci\u00f3n de semillas hort\u00edcolas locales, aquellas de la zona que guardan nuestros agricultores ecol\u00f3gicos y que nos gustar\u00eda promocionar. Nuestros alumnos de Vivero y Huerto han realizado, adem\u00e1s, un nuevo bancal para aumentar la superficie de producci\u00f3n, as\u00ed como varias zonas para plantas arom\u00e1ticas y culinarias. <\/span><\/p>\n<p class=\"m_6889342982222310289ydpf824c27dyiv4655597700ydp49fc1564MsoNormal\"><span lang=\"ES-TRAD\">Todo esto ha sido posible gracias a la Diputaci\u00f3n de Granada y al Ayuntamiento de Guadix.\u00a0<\/span><\/p>\n<p>&nbsp;<\/p>\n<p><img loading=\"lazy\" decoding=\"async\" class=\"aligncenter size-full wp-image-26\" src=\"http:\/\/iespedroantoniodealarcon.es\/ecoescuela\/wp-content\/uploads\/sites\/8\/2018\/02\/thumbnail-11.jpg\" alt=\"\" width=\"1080\" height=\"810\" data-id=\"26\" srcset=\"http:\/\/iespedroantoniodealarcon.es\/ecoescuela\/wp-content\/uploads\/sites\/8\/2018\/02\/thumbnail-11.jpg 1080w, http:\/\/iespedroantoniodealarcon.es\/ecoescuela\/wp-content\/uploads\/sites\/8\/2018\/02\/thumbnail-11-300x225.jpg 300w, http:\/\/iespedroantoniodealarcon.es\/ecoescuela\/wp-content\/uploads\/sites\/8\/2018\/02\/thumbnail-11-768x576.jpg 768w, http:\/\/iespedroantoniodealarcon.es\/ecoescuela\/wp-content\/uploads\/sites\/8\/2018\/02\/thumbnail-11-1024x768.jpg 1024w, http:\/\/iespedroantoniodealarcon.es\/ecoescuela\/wp-content\/uploads\/sites\/8\/2018\/02\/thumbnail-11-690x518.jpg 690w, http:\/\/iespedroantoniodealarcon.es\/ecoescuela\/wp-content\/uploads\/sites\/8\/2018\/02\/thumbnail-11-980x735.jpg 980w\" sizes=\"auto, (max-width: 1080px) 100vw, 1080px\" \/><\/p>\n<p><img loading=\"lazy\" decoding=\"async\" class=\"aligncenter size-full wp-image-28\" src=\"http:\/\/iespedroantoniodealarcon.es\/ecoescuela\/wp-content\/uploads\/sites\/8\/2018\/02\/20171030_142015.jpg\" alt=\"\" width=\"1500\" height=\"900\" data-id=\"28\" srcset=\"http:\/\/iespedroantoniodealarcon.es\/ecoescuela\/wp-content\/uploads\/sites\/8\/2018\/02\/20171030_142015.jpg 1500w, http:\/\/iespedroantoniodealarcon.es\/ecoescuela\/wp-content\/uploads\/sites\/8\/2018\/02\/20171030_142015-300x180.jpg 300w, http:\/\/iespedroantoniodealarcon.es\/ecoescuela\/wp-content\/uploads\/sites\/8\/2018\/02\/20171030_142015-768x461.jpg 768w, http:\/\/iespedroantoniodealarcon.es\/ecoescuela\/wp-content\/uploads\/sites\/8\/2018\/02\/20171030_142015-1024x614.jpg 1024w, http:\/\/iespedroantoniodealarcon.es\/ecoescuela\/wp-content\/uploads\/sites\/8\/2018\/02\/20171030_142015-690x414.jpg 690w, http:\/\/iespedroantoniodealarcon.es\/ecoescuela\/wp-content\/uploads\/sites\/8\/2018\/02\/20171030_142015-980x588.jpg 980w\" sizes=\"auto, (max-width: 1500px) 100vw, 1500px\" \/><\/p>\n<p>&nbsp;<\/p>\n<p><img loading=\"lazy\" decoding=\"async\" class=\"aligncenter size-full wp-image-27\" src=\"http:\/\/iespedroantoniodealarcon.es\/ecoescuela\/wp-content\/uploads\/sites\/8\/2018\/02\/20171030_123924.jpg\" alt=\"\" width=\"1500\" height=\"900\" data-id=\"27\" srcset=\"http:\/\/iespedroantoniodealarcon.es\/ecoescuela\/wp-content\/uploads\/sites\/8\/2018\/02\/20171030_123924.jpg 1500w, http:\/\/iespedroantoniodealarcon.es\/ecoescuela\/wp-content\/uploads\/sites\/8\/2018\/02\/20171030_123924-300x180.jpg 300w, http:\/\/iespedroantoniodealarcon.es\/ecoescuela\/wp-content\/uploads\/sites\/8\/2018\/02\/20171030_123924-768x461.jpg 768w, http:\/\/iespedroantoniodealarcon.es\/ecoescuela\/wp-content\/uploads\/sites\/8\/2018\/02\/20171030_123924-1024x614.jpg 1024w, http:\/\/iespedroantoniodealarcon.es\/ecoescuela\/wp-content\/uploads\/sites\/8\/2018\/02\/20171030_123924-690x414.jpg 690w, http:\/\/iespedroantoniodealarcon.es\/ecoescuela\/wp-content\/uploads\/sites\/8\/2018\/02\/20171030_123924-980x588.jpg 980w\" sizes=\"auto, (max-width: 1500px) 100vw, 1500px\" \/><\/p>\n<p>&nbsp;<\/p>\n<table style=\"height: 305px;\" border=\"0\" width=\"687\">\n<tbody>\n<tr>\n<td><img loading=\"lazy\" decoding=\"async\" class=\"wp-image-25 aligncenter\" src=\"http:\/\/iespedroantoniodealarcon.es\/ecoescuela\/wp-content\/uploads\/sites\/8\/2018\/02\/25659368_401057710326023_6422888131758843049_n.jpg\" alt=\"\" width=\"258\" height=\"258\" data-id=\"25\" srcset=\"http:\/\/iespedroantoniodealarcon.es\/ecoescuela\/wp-content\/uploads\/sites\/8\/2018\/02\/25659368_401057710326023_6422888131758843049_n.jpg 200w, http:\/\/iespedroantoniodealarcon.es\/ecoescuela\/wp-content\/uploads\/sites\/8\/2018\/02\/25659368_401057710326023_6422888131758843049_n-150x150.jpg 150w\" sizes=\"auto, (max-width: 258px) 100vw, 258px\" \/><\/td>\n<td><img loading=\"lazy\" decoding=\"async\" class=\"wp-image-24 aligncenter\" src=\"http:\/\/iespedroantoniodealarcon.es\/ecoescuela\/wp-content\/uploads\/sites\/8\/2018\/02\/24174201_393140494451078_5754796985676954594_n.jpg\" alt=\"\" width=\"254\" height=\"254\" data-id=\"24\" srcset=\"http:\/\/iespedroantoniodealarcon.es\/ecoescuela\/wp-content\/uploads\/sites\/8\/2018\/02\/24174201_393140494451078_5754796985676954594_n.jpg 200w, http:\/\/iespedroantoniodealarcon.es\/ecoescuela\/wp-content\/uploads\/sites\/8\/2018\/02\/24174201_393140494451078_5754796985676954594_n-150x150.jpg 150w\" sizes=\"auto, (max-width: 254px) 100vw, 254px\" \/><\/td>\n<\/tr>\n<\/tbody>\n<\/table>\n","protected":false},"excerpt":{"rendered":"<p>Este curso, nuestra Ecoescuela cuenta con grandes novedades a nivel de infraestructuras: una compostera para el reciclaje de la materia org\u00e1nica, y un gran invernadero, obra casi completa del Ayuntamiento de Guadix, con el que queremos llevar a cabo grandes proyectos. Uno de ellos es cultivar las flores que lucir\u00e1n &hellip;<\/p>\n","protected":false},"author":11,"featured_media":28,"comment_status":"open","ping_status":"open","sticky":false,"template":"","format":"standard","meta":{"footnotes":""},"categories":[1],"tags":[],"class_list":["post-23","post","type-post","status-publish","format-standard","has-post-thumbnail","hentry","category-sin-categoria"],"_links":{"self":[{"href":"http:\/\/iespedroantoniodealarcon.es\/ecoescuela\/wp-json\/wp\/v2\/posts\/23","targetHints":{"allow":["GET"]}}],"collection":[{"href":"http:\/\/iespedroantoniodealarcon.es\/ecoescuela\/wp-json\/wp\/v2\/posts"}],"about":[{"href":"http:\/\/iespedroantoniodealarcon.es\/ecoescuela\/wp-json\/wp\/v2\/types\/post"}],"author":[{"embeddable":true,"href":"http:\/\/iespedroantoniodealarcon.es\/ecoescuela\/wp-json\/wp\/v2\/users\/11"}],"replies":[{"embeddable":true,"href":"http:\/\/iespedroantoniodealarcon.es\/ecoescuela\/wp-json\/wp\/v2\/comments?post=23"}],"version-history":[{"count":1,"href":"http:\/\/iespedroantoniodealarcon.es\/ecoescuela\/wp-json\/wp\/v2\/posts\/23\/revisions"}],"predecessor-version":[{"id":29,"href":"http:\/\/iespedroantoniodealarcon.es\/ecoescuela\/wp-json\/wp\/v2\/posts\/23\/revisions\/29"}],"wp:featuredmedia":[{"embeddable":true,"href":"http:\/\/iespedroantoniodealarcon.es\/ecoescuela\/wp-json\/wp\/v2\/media\/28"}],"wp:attachment":[{"href":"http:\/\/iespedroantoniodealarcon.es\/ecoescuela\/wp-json\/wp\/v2\/media?parent=23"}],"wp:term":[{"taxonomy":"category","embeddable":true,"href":"http:\/\/iespedroantoniodealarcon.es\/ecoescuela\/wp-json\/wp\/v2\/categories?post=23"},{"taxonomy":"post_tag","embeddable":true,"href":"http:\/\/iespedroantoniodealarcon.es\/ecoescuela\/wp-json\/wp\/v2\/tags?post=23"}],"curies":[{"name":"wp","href":"https:\/\/api.w.org\/{rel}","templated":true}]}}