{"id":177,"date":"2018-11-12T08:48:16","date_gmt":"2018-11-12T08:48:16","guid":{"rendered":"http:\/\/iespedroantoniodealarcon.es\/ecoescuela\/?p=177"},"modified":"2018-11-12T08:50:17","modified_gmt":"2018-11-12T08:50:17","slug":"taller-creando-biodiversidad-en-mi-huerto","status":"publish","type":"post","link":"http:\/\/iespedroantoniodealarcon.es\/ecoescuela\/2018\/11\/12\/taller-creando-biodiversidad-en-mi-huerto\/","title":{"rendered":"Taller &#8216;Creando biodiversidad en mi huerto&#8217;"},"content":{"rendered":"<div id=\":nu\" class=\"a3s aXjCH \" tabindex=\"-1\" role=\"gridcell\">\n<p>Este curso, nuestro centro ha sido seleccionado para que se realice un taller sobre la fauna beneficiosa del huerto. Desde la empresa Ecovalia, Francisco Reina nos mostr\u00f3 las ventajas de la lucha biol\u00f3gica contra las plagas, y las caracter\u00edsticas de muchos insectos que nos son de utilidad en nuestro huerto. Ahora nos toca ir reconoci\u00e9ndolos y favoreciendo su desarrollo.<\/p>\n<div id=\"m_7089418561984733022yMail_cursorElementTracker_1541495789517\">Pr\u00f3ximamente os sorprenderemos&#8230;.<\/div>\n<\/div>\n<div><\/div>\n<div><img loading=\"lazy\" decoding=\"async\" class=\"aligncenter size-full wp-image-178\" src=\"http:\/\/iespedroantoniodealarcon.es\/ecoescuela\/wp-content\/uploads\/sites\/8\/2018\/11\/IMG-20181017-WA0019.jpg\" alt=\"\" width=\"1599\" height=\"899\" data-id=\"178\" srcset=\"http:\/\/iespedroantoniodealarcon.es\/ecoescuela\/wp-content\/uploads\/sites\/8\/2018\/11\/IMG-20181017-WA0019.jpg 1599w, http:\/\/iespedroantoniodealarcon.es\/ecoescuela\/wp-content\/uploads\/sites\/8\/2018\/11\/IMG-20181017-WA0019-300x169.jpg 300w, http:\/\/iespedroantoniodealarcon.es\/ecoescuela\/wp-content\/uploads\/sites\/8\/2018\/11\/IMG-20181017-WA0019-768x432.jpg 768w, http:\/\/iespedroantoniodealarcon.es\/ecoescuela\/wp-content\/uploads\/sites\/8\/2018\/11\/IMG-20181017-WA0019-1024x576.jpg 1024w, http:\/\/iespedroantoniodealarcon.es\/ecoescuela\/wp-content\/uploads\/sites\/8\/2018\/11\/IMG-20181017-WA0019-534x300.jpg 534w\" sizes=\"auto, (max-width: 1599px) 100vw, 1599px\" \/> <img loading=\"lazy\" decoding=\"async\" class=\"aligncenter size-full wp-image-179\" src=\"http:\/\/iespedroantoniodealarcon.es\/ecoescuela\/wp-content\/uploads\/sites\/8\/2018\/11\/IMG-20181017-WA0020.jpg\" alt=\"\" width=\"1024\" height=\"768\" data-id=\"179\" srcset=\"http:\/\/iespedroantoniodealarcon.es\/ecoescuela\/wp-content\/uploads\/sites\/8\/2018\/11\/IMG-20181017-WA0020.jpg 1024w, http:\/\/iespedroantoniodealarcon.es\/ecoescuela\/wp-content\/uploads\/sites\/8\/2018\/11\/IMG-20181017-WA0020-300x225.jpg 300w, http:\/\/iespedroantoniodealarcon.es\/ecoescuela\/wp-content\/uploads\/sites\/8\/2018\/11\/IMG-20181017-WA0020-768x576.jpg 768w, http:\/\/iespedroantoniodealarcon.es\/ecoescuela\/wp-content\/uploads\/sites\/8\/2018\/11\/IMG-20181017-WA0020-400x300.jpg 400w\" sizes=\"auto, (max-width: 1024px) 100vw, 1024px\" \/><\/div>\n","protected":false},"excerpt":{"rendered":"<p>Este curso, nuestro centro ha sido seleccionado para que se realice un taller sobre la fauna beneficiosa del huerto. Desde la empresa Ecovalia, Francisco Reina nos mostr\u00f3 las ventajas de la lucha biol\u00f3gica contra las plagas, y las caracter\u00edsticas de muchos insectos que nos son de utilidad en nuestro huerto. &hellip;<\/p>\n","protected":false},"author":11,"featured_media":179,"comment_status":"open","ping_status":"open","sticky":false,"template":"","format":"standard","meta":{"footnotes":""},"categories":[1],"tags":[],"class_list":["post-177","post","type-post","status-publish","format-standard","has-post-thumbnail","hentry","category-sin-categoria"],"_links":{"self":[{"href":"http:\/\/iespedroantoniodealarcon.es\/ecoescuela\/wp-json\/wp\/v2\/posts\/177","targetHints":{"allow":["GET"]}}],"collection":[{"href":"http:\/\/iespedroantoniodealarcon.es\/ecoescuela\/wp-json\/wp\/v2\/posts"}],"about":[{"href":"http:\/\/iespedroantoniodealarcon.es\/ecoescuela\/wp-json\/wp\/v2\/types\/post"}],"author":[{"embeddable":true,"href":"http:\/\/iespedroantoniodealarcon.es\/ecoescuela\/wp-json\/wp\/v2\/users\/11"}],"replies":[{"embeddable":true,"href":"http:\/\/iespedroantoniodealarcon.es\/ecoescuela\/wp-json\/wp\/v2\/comments?post=177"}],"version-history":[{"count":2,"href":"http:\/\/iespedroantoniodealarcon.es\/ecoescuela\/wp-json\/wp\/v2\/posts\/177\/revisions"}],"predecessor-version":[{"id":181,"href":"http:\/\/iespedroantoniodealarcon.es\/ecoescuela\/wp-json\/wp\/v2\/posts\/177\/revisions\/181"}],"wp:featuredmedia":[{"embeddable":true,"href":"http:\/\/iespedroantoniodealarcon.es\/ecoescuela\/wp-json\/wp\/v2\/media\/179"}],"wp:attachment":[{"href":"http:\/\/iespedroantoniodealarcon.es\/ecoescuela\/wp-json\/wp\/v2\/media?parent=177"}],"wp:term":[{"taxonomy":"category","embeddable":true,"href":"http:\/\/iespedroantoniodealarcon.es\/ecoescuela\/wp-json\/wp\/v2\/categories?post=177"},{"taxonomy":"post_tag","embeddable":true,"href":"http:\/\/iespedroantoniodealarcon.es\/ecoescuela\/wp-json\/wp\/v2\/tags?post=177"}],"curies":[{"name":"wp","href":"https:\/\/api.w.org\/{rel}","templated":true}]}}