{"id":17,"date":"2018-02-23T10:35:43","date_gmt":"2018-02-23T10:35:43","guid":{"rendered":"http:\/\/iespedroantoniodealarcon.es\/ecoescuela\/?p=17"},"modified":"2018-02-23T10:35:43","modified_gmt":"2018-02-23T10:35:43","slug":"recogida-de-semillas-y-practicas-en-el-campo","status":"publish","type":"post","link":"http:\/\/iespedroantoniodealarcon.es\/ecoescuela\/2018\/02\/23\/recogida-de-semillas-y-practicas-en-el-campo\/","title":{"rendered":"RECOGIDA DE SEMILLAS Y PR\u00c1CTICAS EN EL CAMPO"},"content":{"rendered":"<p class=\"m_-8737332230083995639ydp7a57c236MsoNormal\"><span lang=\"ES-TRAD\">Los alumnos de 3\u00ba de ESO y el Ciclo de Actividades en el Medio Natural, se han adentrado en la Sierra de Hu\u00e9tor para recolectar semillas forestales. Han tenido que reconocer las especies m\u00e1s interesantes para el vivero, y han podido observar y aprender aspectos de su biolog\u00eda m\u00e1s interna, gracias a las pr\u00e1cticas de campo que han completado la visita.<\/span><\/p>\n<p>&nbsp;<\/p>\n<p><img loading=\"lazy\" decoding=\"async\" class=\"aligncenter size-full wp-image-18\" src=\"http:\/\/iespedroantoniodealarcon.es\/ecoescuela\/wp-content\/uploads\/sites\/8\/2018\/02\/23659442_191066808132747_3368487210798897582_n.jpg\" alt=\"\" width=\"960\" height=\"720\" data-id=\"18\" srcset=\"http:\/\/iespedroantoniodealarcon.es\/ecoescuela\/wp-content\/uploads\/sites\/8\/2018\/02\/23659442_191066808132747_3368487210798897582_n.jpg 960w, http:\/\/iespedroantoniodealarcon.es\/ecoescuela\/wp-content\/uploads\/sites\/8\/2018\/02\/23659442_191066808132747_3368487210798897582_n-300x225.jpg 300w, http:\/\/iespedroantoniodealarcon.es\/ecoescuela\/wp-content\/uploads\/sites\/8\/2018\/02\/23659442_191066808132747_3368487210798897582_n-768x576.jpg 768w, http:\/\/iespedroantoniodealarcon.es\/ecoescuela\/wp-content\/uploads\/sites\/8\/2018\/02\/23659442_191066808132747_3368487210798897582_n-690x518.jpg 690w\" sizes=\"auto, (max-width: 960px) 100vw, 960px\" \/><\/p>\n<p>&nbsp;<\/p>\n<p><img loading=\"lazy\" decoding=\"async\" class=\"aligncenter size-full wp-image-19\" src=\"http:\/\/iespedroantoniodealarcon.es\/ecoescuela\/wp-content\/uploads\/sites\/8\/2018\/02\/23754849_191066541466107_6615621635434058609_n.jpg\" alt=\"\" width=\"960\" height=\"720\" data-id=\"19\" srcset=\"http:\/\/iespedroantoniodealarcon.es\/ecoescuela\/wp-content\/uploads\/sites\/8\/2018\/02\/23754849_191066541466107_6615621635434058609_n.jpg 960w, http:\/\/iespedroantoniodealarcon.es\/ecoescuela\/wp-content\/uploads\/sites\/8\/2018\/02\/23754849_191066541466107_6615621635434058609_n-300x225.jpg 300w, http:\/\/iespedroantoniodealarcon.es\/ecoescuela\/wp-content\/uploads\/sites\/8\/2018\/02\/23754849_191066541466107_6615621635434058609_n-768x576.jpg 768w, http:\/\/iespedroantoniodealarcon.es\/ecoescuela\/wp-content\/uploads\/sites\/8\/2018\/02\/23754849_191066541466107_6615621635434058609_n-690x518.jpg 690w\" sizes=\"auto, (max-width: 960px) 100vw, 960px\" \/><\/p>\n<p>&nbsp;<\/p>\n<p><img loading=\"lazy\" decoding=\"async\" class=\"aligncenter size-full wp-image-20\" src=\"http:\/\/iespedroantoniodealarcon.es\/ecoescuela\/wp-content\/uploads\/sites\/8\/2018\/02\/23755046_191066674799427_3734429687105384501_n.jpg\" alt=\"\" width=\"960\" height=\"720\" data-id=\"20\" srcset=\"http:\/\/iespedroantoniodealarcon.es\/ecoescuela\/wp-content\/uploads\/sites\/8\/2018\/02\/23755046_191066674799427_3734429687105384501_n.jpg 960w, http:\/\/iespedroantoniodealarcon.es\/ecoescuela\/wp-content\/uploads\/sites\/8\/2018\/02\/23755046_191066674799427_3734429687105384501_n-300x225.jpg 300w, http:\/\/iespedroantoniodealarcon.es\/ecoescuela\/wp-content\/uploads\/sites\/8\/2018\/02\/23755046_191066674799427_3734429687105384501_n-768x576.jpg 768w, http:\/\/iespedroantoniodealarcon.es\/ecoescuela\/wp-content\/uploads\/sites\/8\/2018\/02\/23755046_191066674799427_3734429687105384501_n-690x518.jpg 690w\" sizes=\"auto, (max-width: 960px) 100vw, 960px\" \/><\/p>\n<p>&nbsp;<\/p>\n<p><img loading=\"lazy\" decoding=\"async\" class=\"aligncenter size-full wp-image-21\" src=\"http:\/\/iespedroantoniodealarcon.es\/ecoescuela\/wp-content\/uploads\/sites\/8\/2018\/02\/23755061_191066411466120_890480694876019354_n.jpg\" alt=\"\" width=\"960\" height=\"720\" data-id=\"21\" srcset=\"http:\/\/iespedroantoniodealarcon.es\/ecoescuela\/wp-content\/uploads\/sites\/8\/2018\/02\/23755061_191066411466120_890480694876019354_n.jpg 960w, http:\/\/iespedroantoniodealarcon.es\/ecoescuela\/wp-content\/uploads\/sites\/8\/2018\/02\/23755061_191066411466120_890480694876019354_n-300x225.jpg 300w, http:\/\/iespedroantoniodealarcon.es\/ecoescuela\/wp-content\/uploads\/sites\/8\/2018\/02\/23755061_191066411466120_890480694876019354_n-768x576.jpg 768w, http:\/\/iespedroantoniodealarcon.es\/ecoescuela\/wp-content\/uploads\/sites\/8\/2018\/02\/23755061_191066411466120_890480694876019354_n-690x518.jpg 690w\" sizes=\"auto, (max-width: 960px) 100vw, 960px\" \/><\/p>\n<div class=\"yj6qo\"><\/div>\n<div class=\"adL\"><\/div>\n","protected":false},"excerpt":{"rendered":"<p>Los alumnos de 3\u00ba de ESO y el Ciclo de Actividades en el Medio Natural, se han adentrado en la Sierra de Hu\u00e9tor para recolectar semillas forestales. Han tenido que reconocer las especies m\u00e1s interesantes para el vivero, y han podido observar y aprender aspectos de su biolog\u00eda m\u00e1s interna, &hellip;<\/p>\n","protected":false},"author":11,"featured_media":19,"comment_status":"open","ping_status":"open","sticky":false,"template":"","format":"standard","meta":{"footnotes":""},"categories":[1],"tags":[],"class_list":["post-17","post","type-post","status-publish","format-standard","has-post-thumbnail","hentry","category-sin-categoria"],"_links":{"self":[{"href":"http:\/\/iespedroantoniodealarcon.es\/ecoescuela\/wp-json\/wp\/v2\/posts\/17","targetHints":{"allow":["GET"]}}],"collection":[{"href":"http:\/\/iespedroantoniodealarcon.es\/ecoescuela\/wp-json\/wp\/v2\/posts"}],"about":[{"href":"http:\/\/iespedroantoniodealarcon.es\/ecoescuela\/wp-json\/wp\/v2\/types\/post"}],"author":[{"embeddable":true,"href":"http:\/\/iespedroantoniodealarcon.es\/ecoescuela\/wp-json\/wp\/v2\/users\/11"}],"replies":[{"embeddable":true,"href":"http:\/\/iespedroantoniodealarcon.es\/ecoescuela\/wp-json\/wp\/v2\/comments?post=17"}],"version-history":[{"count":1,"href":"http:\/\/iespedroantoniodealarcon.es\/ecoescuela\/wp-json\/wp\/v2\/posts\/17\/revisions"}],"predecessor-version":[{"id":22,"href":"http:\/\/iespedroantoniodealarcon.es\/ecoescuela\/wp-json\/wp\/v2\/posts\/17\/revisions\/22"}],"wp:featuredmedia":[{"embeddable":true,"href":"http:\/\/iespedroantoniodealarcon.es\/ecoescuela\/wp-json\/wp\/v2\/media\/19"}],"wp:attachment":[{"href":"http:\/\/iespedroantoniodealarcon.es\/ecoescuela\/wp-json\/wp\/v2\/media?parent=17"}],"wp:term":[{"taxonomy":"category","embeddable":true,"href":"http:\/\/iespedroantoniodealarcon.es\/ecoescuela\/wp-json\/wp\/v2\/categories?post=17"},{"taxonomy":"post_tag","embeddable":true,"href":"http:\/\/iespedroantoniodealarcon.es\/ecoescuela\/wp-json\/wp\/v2\/tags?post=17"}],"curies":[{"name":"wp","href":"https:\/\/api.w.org\/{rel}","templated":true}]}}