{"id":154,"date":"2018-11-08T09:23:32","date_gmt":"2018-11-08T09:23:32","guid":{"rendered":"http:\/\/iespedroantoniodealarcon.es\/ecoescuela\/?p=154"},"modified":"2018-11-08T09:23:32","modified_gmt":"2018-11-08T09:23:32","slug":"taller-de-insectos-en-la-compostera","status":"publish","type":"post","link":"http:\/\/iespedroantoniodealarcon.es\/ecoescuela\/2018\/11\/08\/taller-de-insectos-en-la-compostera\/","title":{"rendered":"Taller de insectos en la compostera"},"content":{"rendered":"<p>A finales de septiembre, los alumnos de Vivero y Huerto comenzamos el curso con Rub\u00e9n, del programa &#8216;Huerto y compostera en mi cole&#8217;, haciendo un an\u00e1lisis del estado de nuestra compostera y de los macroinvertebrados que se pueden observar en el compost (que dependen de sus caracter\u00edsticas y su nivel de desarrollo).<\/p>\n<div id=\"m_5379285699389475411yMail_cursorElementTracker_1541493311310\">Nos sorprendi\u00f3 mucho el resultado, los insectos&#8230; Y nos encant\u00f3 descubrir c\u00f3mo nuestros restos se transforman en el nutritivo compost que estamos a\u00f1adiendo al huerto.<\/div>\n<div id=\"m_5379285699389475411yMail_cursorElementTracker_1541494850941\">Gracias, Rub\u00e9n!!<\/div>\n<p><img loading=\"lazy\" decoding=\"async\" class=\"aligncenter size-full wp-image-162\" src=\"http:\/\/iespedroantoniodealarcon.es\/ecoescuela\/wp-content\/uploads\/sites\/8\/2018\/11\/compo1.jpg\" alt=\"\" width=\"1500\" height=\"2000\" data-id=\"162\" srcset=\"http:\/\/iespedroantoniodealarcon.es\/ecoescuela\/wp-content\/uploads\/sites\/8\/2018\/11\/compo1.jpg 1500w, http:\/\/iespedroantoniodealarcon.es\/ecoescuela\/wp-content\/uploads\/sites\/8\/2018\/11\/compo1-225x300.jpg 225w, http:\/\/iespedroantoniodealarcon.es\/ecoescuela\/wp-content\/uploads\/sites\/8\/2018\/11\/compo1-768x1024.jpg 768w\" sizes=\"auto, (max-width: 1500px) 100vw, 1500px\" \/><\/p>\n<p><img loading=\"lazy\" decoding=\"async\" class=\"aligncenter size-full wp-image-163\" src=\"http:\/\/iespedroantoniodealarcon.es\/ecoescuela\/wp-content\/uploads\/sites\/8\/2018\/11\/IMG_20180926_121609.jpg\" alt=\"\" width=\"1500\" height=\"2000\" data-id=\"163\" srcset=\"http:\/\/iespedroantoniodealarcon.es\/ecoescuela\/wp-content\/uploads\/sites\/8\/2018\/11\/IMG_20180926_121609.jpg 1500w, http:\/\/iespedroantoniodealarcon.es\/ecoescuela\/wp-content\/uploads\/sites\/8\/2018\/11\/IMG_20180926_121609-225x300.jpg 225w, http:\/\/iespedroantoniodealarcon.es\/ecoescuela\/wp-content\/uploads\/sites\/8\/2018\/11\/IMG_20180926_121609-768x1024.jpg 768w\" sizes=\"auto, (max-width: 1500px) 100vw, 1500px\" \/><\/p>\n<p><img loading=\"lazy\" decoding=\"async\" class=\"aligncenter size-full wp-image-164\" src=\"http:\/\/iespedroantoniodealarcon.es\/ecoescuela\/wp-content\/uploads\/sites\/8\/2018\/11\/IMG_20180926_121657.jpg\" alt=\"\" width=\"1200\" height=\"1600\" data-id=\"164\" srcset=\"http:\/\/iespedroantoniodealarcon.es\/ecoescuela\/wp-content\/uploads\/sites\/8\/2018\/11\/IMG_20180926_121657.jpg 1200w, http:\/\/iespedroantoniodealarcon.es\/ecoescuela\/wp-content\/uploads\/sites\/8\/2018\/11\/IMG_20180926_121657-225x300.jpg 225w, http:\/\/iespedroantoniodealarcon.es\/ecoescuela\/wp-content\/uploads\/sites\/8\/2018\/11\/IMG_20180926_121657-768x1024.jpg 768w\" sizes=\"auto, (max-width: 1200px) 100vw, 1200px\" \/><\/p>\n<p><img loading=\"lazy\" decoding=\"async\" class=\"aligncenter size-full wp-image-165\" src=\"http:\/\/iespedroantoniodealarcon.es\/ecoescuela\/wp-content\/uploads\/sites\/8\/2018\/11\/IMG_20180926_121839.jpg\" alt=\"\" width=\"1500\" height=\"1125\" data-id=\"165\" srcset=\"http:\/\/iespedroantoniodealarcon.es\/ecoescuela\/wp-content\/uploads\/sites\/8\/2018\/11\/IMG_20180926_121839.jpg 1500w, http:\/\/iespedroantoniodealarcon.es\/ecoescuela\/wp-content\/uploads\/sites\/8\/2018\/11\/IMG_20180926_121839-300x225.jpg 300w, http:\/\/iespedroantoniodealarcon.es\/ecoescuela\/wp-content\/uploads\/sites\/8\/2018\/11\/IMG_20180926_121839-768x576.jpg 768w, http:\/\/iespedroantoniodealarcon.es\/ecoescuela\/wp-content\/uploads\/sites\/8\/2018\/11\/IMG_20180926_121839-1024x768.jpg 1024w, http:\/\/iespedroantoniodealarcon.es\/ecoescuela\/wp-content\/uploads\/sites\/8\/2018\/11\/IMG_20180926_121839-400x300.jpg 400w\" sizes=\"auto, (max-width: 1500px) 100vw, 1500px\" \/><\/p>\n<p><img loading=\"lazy\" decoding=\"async\" class=\"aligncenter size-full wp-image-166\" src=\"http:\/\/iespedroantoniodealarcon.es\/ecoescuela\/wp-content\/uploads\/sites\/8\/2018\/11\/IMG_20180926_123033.jpg\" alt=\"\" width=\"1500\" height=\"2000\" data-id=\"166\" srcset=\"http:\/\/iespedroantoniodealarcon.es\/ecoescuela\/wp-content\/uploads\/sites\/8\/2018\/11\/IMG_20180926_123033.jpg 1500w, http:\/\/iespedroantoniodealarcon.es\/ecoescuela\/wp-content\/uploads\/sites\/8\/2018\/11\/IMG_20180926_123033-225x300.jpg 225w, http:\/\/iespedroantoniodealarcon.es\/ecoescuela\/wp-content\/uploads\/sites\/8\/2018\/11\/IMG_20180926_123033-768x1024.jpg 768w\" sizes=\"auto, (max-width: 1500px) 100vw, 1500px\" \/><\/p>\n<p><img loading=\"lazy\" decoding=\"async\" class=\"aligncenter size-full wp-image-167\" src=\"http:\/\/iespedroantoniodealarcon.es\/ecoescuela\/wp-content\/uploads\/sites\/8\/2018\/11\/IMG_20180926_123046.jpg\" alt=\"\" width=\"1000\" height=\"1333\" data-id=\"167\" srcset=\"http:\/\/iespedroantoniodealarcon.es\/ecoescuela\/wp-content\/uploads\/sites\/8\/2018\/11\/IMG_20180926_123046.jpg 1000w, http:\/\/iespedroantoniodealarcon.es\/ecoescuela\/wp-content\/uploads\/sites\/8\/2018\/11\/IMG_20180926_123046-225x300.jpg 225w, http:\/\/iespedroantoniodealarcon.es\/ecoescuela\/wp-content\/uploads\/sites\/8\/2018\/11\/IMG_20180926_123046-768x1024.jpg 768w\" sizes=\"auto, (max-width: 1000px) 100vw, 1000px\" \/><\/p>\n<p><img loading=\"lazy\" decoding=\"async\" class=\"aligncenter size-full wp-image-168\" src=\"http:\/\/iespedroantoniodealarcon.es\/ecoescuela\/wp-content\/uploads\/sites\/8\/2018\/11\/IMG_20180926_124932.jpg\" alt=\"\" width=\"1500\" height=\"2000\" data-id=\"168\" srcset=\"http:\/\/iespedroantoniodealarcon.es\/ecoescuela\/wp-content\/uploads\/sites\/8\/2018\/11\/IMG_20180926_124932.jpg 1500w, http:\/\/iespedroantoniodealarcon.es\/ecoescuela\/wp-content\/uploads\/sites\/8\/2018\/11\/IMG_20180926_124932-225x300.jpg 225w, http:\/\/iespedroantoniodealarcon.es\/ecoescuela\/wp-content\/uploads\/sites\/8\/2018\/11\/IMG_20180926_124932-768x1024.jpg 768w\" sizes=\"auto, (max-width: 1500px) 100vw, 1500px\" \/><\/p>\n","protected":false},"excerpt":{"rendered":"<p>A finales de septiembre, los alumnos de Vivero y Huerto comenzamos el curso con Rub\u00e9n, del programa &#8216;Huerto y compostera en mi cole&#8217;, haciendo un an\u00e1lisis del estado de nuestra compostera y de los macroinvertebrados que se pueden observar en el compost (que dependen de sus caracter\u00edsticas y su nivel &hellip;<\/p>\n","protected":false},"author":11,"featured_media":165,"comment_status":"open","ping_status":"open","sticky":false,"template":"","format":"standard","meta":{"footnotes":""},"categories":[1],"tags":[],"class_list":["post-154","post","type-post","status-publish","format-standard","has-post-thumbnail","hentry","category-sin-categoria"],"_links":{"self":[{"href":"http:\/\/iespedroantoniodealarcon.es\/ecoescuela\/wp-json\/wp\/v2\/posts\/154","targetHints":{"allow":["GET"]}}],"collection":[{"href":"http:\/\/iespedroantoniodealarcon.es\/ecoescuela\/wp-json\/wp\/v2\/posts"}],"about":[{"href":"http:\/\/iespedroantoniodealarcon.es\/ecoescuela\/wp-json\/wp\/v2\/types\/post"}],"author":[{"embeddable":true,"href":"http:\/\/iespedroantoniodealarcon.es\/ecoescuela\/wp-json\/wp\/v2\/users\/11"}],"replies":[{"embeddable":true,"href":"http:\/\/iespedroantoniodealarcon.es\/ecoescuela\/wp-json\/wp\/v2\/comments?post=154"}],"version-history":[{"count":1,"href":"http:\/\/iespedroantoniodealarcon.es\/ecoescuela\/wp-json\/wp\/v2\/posts\/154\/revisions"}],"predecessor-version":[{"id":169,"href":"http:\/\/iespedroantoniodealarcon.es\/ecoescuela\/wp-json\/wp\/v2\/posts\/154\/revisions\/169"}],"wp:featuredmedia":[{"embeddable":true,"href":"http:\/\/iespedroantoniodealarcon.es\/ecoescuela\/wp-json\/wp\/v2\/media\/165"}],"wp:attachment":[{"href":"http:\/\/iespedroantoniodealarcon.es\/ecoescuela\/wp-json\/wp\/v2\/media?parent=154"}],"wp:term":[{"taxonomy":"category","embeddable":true,"href":"http:\/\/iespedroantoniodealarcon.es\/ecoescuela\/wp-json\/wp\/v2\/categories?post=154"},{"taxonomy":"post_tag","embeddable":true,"href":"http:\/\/iespedroantoniodealarcon.es\/ecoescuela\/wp-json\/wp\/v2\/tags?post=154"}],"curies":[{"name":"wp","href":"https:\/\/api.w.org\/{rel}","templated":true}]}}