{"id":140,"date":"2018-05-30T15:55:18","date_gmt":"2018-05-30T15:55:18","guid":{"rendered":"http:\/\/iespedroantoniodealarcon.es\/ecoescuela\/?p=140"},"modified":"2018-05-30T15:55:18","modified_gmt":"2018-05-30T15:55:18","slug":"mercadillo-de-2a-mano","status":"publish","type":"post","link":"http:\/\/iespedroantoniodealarcon.es\/ecoescuela\/2018\/05\/30\/mercadillo-de-2a-mano\/","title":{"rendered":"Mercadillo de 2\u00aa mano"},"content":{"rendered":"<p>Desde el proyecto Ecoescuelas vamos a realizar un mercadillo de segunda mano durante la semana del 4 al 8 de junio, coincidiendo con el d\u00eda mundial del medio ambiente (5 de junio).<\/p>\n<p><img loading=\"lazy\" decoding=\"async\" class=\"aligncenter size-full wp-image-141\" src=\"http:\/\/iespedroantoniodealarcon.es\/ecoescuela\/wp-content\/uploads\/sites\/8\/2018\/05\/1.png\" alt=\"\" width=\"1588\" height=\"2246\" data-id=\"141\" srcset=\"http:\/\/iespedroantoniodealarcon.es\/ecoescuela\/wp-content\/uploads\/sites\/8\/2018\/05\/1.png 1588w, http:\/\/iespedroantoniodealarcon.es\/ecoescuela\/wp-content\/uploads\/sites\/8\/2018\/05\/1-212x300.png 212w, http:\/\/iespedroantoniodealarcon.es\/ecoescuela\/wp-content\/uploads\/sites\/8\/2018\/05\/1-768x1086.png 768w, http:\/\/iespedroantoniodealarcon.es\/ecoescuela\/wp-content\/uploads\/sites\/8\/2018\/05\/1-724x1024.png 724w\" sizes=\"auto, (max-width: 1588px) 100vw, 1588px\" \/><\/p>\n<p>El objetivo de la actividad es concienciar a los alumnos sobre la necesidad de repensar el hiperconsumismo y sus consecuencias (agotamiento de recursos naturales y generaci\u00f3n de residuos, desigualdad social, etc); mostrando diferentes formas de consumo que supongan alargar la vida de los objetos ya producidos.<\/p>\n<p>Este a\u00f1o, adem\u00e1s, se aprovechar\u00e1 la feria para la recogida de de tel\u00e9fonos m\u00f3viles y tablets usados y estropeados para entregarlos a una ONG: Amnist\u00eda Internacional o Intermon Oxfam.<\/p>\n<p><img loading=\"lazy\" decoding=\"async\" class=\"aligncenter size-full wp-image-142\" src=\"http:\/\/iespedroantoniodealarcon.es\/ecoescuela\/wp-content\/uploads\/sites\/8\/2018\/05\/2.png\" alt=\"\" width=\"1588\" height=\"2246\" data-id=\"142\" srcset=\"http:\/\/iespedroantoniodealarcon.es\/ecoescuela\/wp-content\/uploads\/sites\/8\/2018\/05\/2.png 1588w, http:\/\/iespedroantoniodealarcon.es\/ecoescuela\/wp-content\/uploads\/sites\/8\/2018\/05\/2-212x300.png 212w, http:\/\/iespedroantoniodealarcon.es\/ecoescuela\/wp-content\/uploads\/sites\/8\/2018\/05\/2-768x1086.png 768w, http:\/\/iespedroantoniodealarcon.es\/ecoescuela\/wp-content\/uploads\/sites\/8\/2018\/05\/2-724x1024.png 724w\" sizes=\"auto, (max-width: 1588px) 100vw, 1588px\" \/><\/p>\n<p>Durante las pr\u00f3ximas dos semanas, los alumnos podr\u00e1n entregar los objetos de su propiedad para la realizaci\u00f3n del mercadillo del siguiente modo:<\/p>\n<ul>\n<li>La entrega de objetos se realizar\u00e1 en la biblioteca en horario del recreo, siendo los profesores de guardia de biblioteca los encargados de su recogida y colocaci\u00f3n.<\/li>\n<li>Dichos profesores entregar\u00e1n los vales de intercambio correspondientes al producto (bajo=1 vale, medio=2 vales, alto=3 vales)<\/li>\n<li>Los profesores tambi\u00e9n est\u00e1n invitados a participar en el mercadillo, trayendo los objetos que consideren oportunos.<\/li>\n<li>Los d\u00edas de apertura del mercadillo, los alumnos podr\u00e1n acceder a la biblioteca en horario de recreo (y en horario de tutor\u00edas si la biblioteca est\u00e1 abierta) para intercambiar sus vales por los productos expuestos, siendo los profesores de guardia de biblioteca los encargados de realizar las transacciones correspondientes.<\/li>\n<\/ul>\n","protected":false},"excerpt":{"rendered":"<p>Desde el proyecto Ecoescuelas vamos a realizar un mercadillo de segunda mano durante la semana del 4 al 8 de junio, coincidiendo con el d\u00eda mundial del medio ambiente (5 de junio). El objetivo de la actividad es concienciar a los alumnos sobre la necesidad de repensar el hiperconsumismo y &hellip;<\/p>\n","protected":false},"author":11,"featured_media":141,"comment_status":"open","ping_status":"open","sticky":false,"template":"","format":"standard","meta":{"footnotes":""},"categories":[1],"tags":[],"class_list":["post-140","post","type-post","status-publish","format-standard","has-post-thumbnail","hentry","category-sin-categoria"],"_links":{"self":[{"href":"http:\/\/iespedroantoniodealarcon.es\/ecoescuela\/wp-json\/wp\/v2\/posts\/140","targetHints":{"allow":["GET"]}}],"collection":[{"href":"http:\/\/iespedroantoniodealarcon.es\/ecoescuela\/wp-json\/wp\/v2\/posts"}],"about":[{"href":"http:\/\/iespedroantoniodealarcon.es\/ecoescuela\/wp-json\/wp\/v2\/types\/post"}],"author":[{"embeddable":true,"href":"http:\/\/iespedroantoniodealarcon.es\/ecoescuela\/wp-json\/wp\/v2\/users\/11"}],"replies":[{"embeddable":true,"href":"http:\/\/iespedroantoniodealarcon.es\/ecoescuela\/wp-json\/wp\/v2\/comments?post=140"}],"version-history":[{"count":1,"href":"http:\/\/iespedroantoniodealarcon.es\/ecoescuela\/wp-json\/wp\/v2\/posts\/140\/revisions"}],"predecessor-version":[{"id":143,"href":"http:\/\/iespedroantoniodealarcon.es\/ecoescuela\/wp-json\/wp\/v2\/posts\/140\/revisions\/143"}],"wp:featuredmedia":[{"embeddable":true,"href":"http:\/\/iespedroantoniodealarcon.es\/ecoescuela\/wp-json\/wp\/v2\/media\/141"}],"wp:attachment":[{"href":"http:\/\/iespedroantoniodealarcon.es\/ecoescuela\/wp-json\/wp\/v2\/media?parent=140"}],"wp:term":[{"taxonomy":"category","embeddable":true,"href":"http:\/\/iespedroantoniodealarcon.es\/ecoescuela\/wp-json\/wp\/v2\/categories?post=140"},{"taxonomy":"post_tag","embeddable":true,"href":"http:\/\/iespedroantoniodealarcon.es\/ecoescuela\/wp-json\/wp\/v2\/tags?post=140"}],"curies":[{"name":"wp","href":"https:\/\/api.w.org\/{rel}","templated":true}]}}