{"id":133,"date":"2018-05-30T15:13:06","date_gmt":"2018-05-30T15:13:06","guid":{"rendered":"http:\/\/iespedroantoniodealarcon.es\/ecoescuela\/?p=133"},"modified":"2018-05-30T15:13:06","modified_gmt":"2018-05-30T15:13:06","slug":"taller-de-reciclaje-de-tarros-para-plantas","status":"publish","type":"post","link":"http:\/\/iespedroantoniodealarcon.es\/ecoescuela\/2018\/05\/30\/taller-de-reciclaje-de-tarros-para-plantas\/","title":{"rendered":"Taller de reciclaje de tarros para plantas"},"content":{"rendered":"<p>Los alumnos de 1 de ESO B han realizado un taller de reciclaje de tarros de vidrio y pl\u00e1stico. Con esta sencilla actividad realizada en una tutor\u00eda del mes de abril hemos insistido en la concienciaci\u00f3n que supone el reciclaje de envases pensados para un solo uso. Nosotros les damos una nueva \u00abvida\u00bb, en este caso ornamental. Hemos hecho macetas y terrarios, con los que embellecer las ventanas de las aulas. Gracias a las profesoras que proporcionaron los esquejes y a los alumnos de los diferentes grupos que contin\u00faan con el mantenimiento de nuestro proyecto.<\/p>\n<p>Aqu\u00ed os dejamos algunas im\u00e1genes:<\/p>\n<p><img loading=\"lazy\" decoding=\"async\" class=\"aligncenter size-full wp-image-134\" src=\"http:\/\/iespedroantoniodealarcon.es\/ecoescuela\/wp-content\/uploads\/sites\/8\/2018\/05\/thumbnail-2.jpg\" alt=\"\" width=\"1600\" height=\"900\" data-id=\"134\" srcset=\"http:\/\/iespedroantoniodealarcon.es\/ecoescuela\/wp-content\/uploads\/sites\/8\/2018\/05\/thumbnail-2.jpg 1600w, http:\/\/iespedroantoniodealarcon.es\/ecoescuela\/wp-content\/uploads\/sites\/8\/2018\/05\/thumbnail-2-300x169.jpg 300w, http:\/\/iespedroantoniodealarcon.es\/ecoescuela\/wp-content\/uploads\/sites\/8\/2018\/05\/thumbnail-2-768x432.jpg 768w, http:\/\/iespedroantoniodealarcon.es\/ecoescuela\/wp-content\/uploads\/sites\/8\/2018\/05\/thumbnail-2-1024x576.jpg 1024w, http:\/\/iespedroantoniodealarcon.es\/ecoescuela\/wp-content\/uploads\/sites\/8\/2018\/05\/thumbnail-2-533x300.jpg 533w\" sizes=\"auto, (max-width: 1600px) 100vw, 1600px\" \/><\/p>\n<p><img loading=\"lazy\" decoding=\"async\" class=\"aligncenter size-full wp-image-135\" src=\"http:\/\/iespedroantoniodealarcon.es\/ecoescuela\/wp-content\/uploads\/sites\/8\/2018\/05\/thumbnail-4.jpg\" alt=\"\" width=\"1600\" height=\"900\" data-id=\"135\" srcset=\"http:\/\/iespedroantoniodealarcon.es\/ecoescuela\/wp-content\/uploads\/sites\/8\/2018\/05\/thumbnail-4.jpg 1600w, http:\/\/iespedroantoniodealarcon.es\/ecoescuela\/wp-content\/uploads\/sites\/8\/2018\/05\/thumbnail-4-300x169.jpg 300w, http:\/\/iespedroantoniodealarcon.es\/ecoescuela\/wp-content\/uploads\/sites\/8\/2018\/05\/thumbnail-4-768x432.jpg 768w, http:\/\/iespedroantoniodealarcon.es\/ecoescuela\/wp-content\/uploads\/sites\/8\/2018\/05\/thumbnail-4-1024x576.jpg 1024w, http:\/\/iespedroantoniodealarcon.es\/ecoescuela\/wp-content\/uploads\/sites\/8\/2018\/05\/thumbnail-4-533x300.jpg 533w\" sizes=\"auto, (max-width: 1600px) 100vw, 1600px\" \/><\/p>\n<p><img loading=\"lazy\" decoding=\"async\" class=\"aligncenter size-full wp-image-136\" src=\"http:\/\/iespedroantoniodealarcon.es\/ecoescuela\/wp-content\/uploads\/sites\/8\/2018\/05\/thumbnail-6.jpg\" alt=\"\" width=\"1080\" height=\"807\" data-id=\"136\" srcset=\"http:\/\/iespedroantoniodealarcon.es\/ecoescuela\/wp-content\/uploads\/sites\/8\/2018\/05\/thumbnail-6.jpg 1080w, http:\/\/iespedroantoniodealarcon.es\/ecoescuela\/wp-content\/uploads\/sites\/8\/2018\/05\/thumbnail-6-300x224.jpg 300w, http:\/\/iespedroantoniodealarcon.es\/ecoescuela\/wp-content\/uploads\/sites\/8\/2018\/05\/thumbnail-6-768x574.jpg 768w, http:\/\/iespedroantoniodealarcon.es\/ecoescuela\/wp-content\/uploads\/sites\/8\/2018\/05\/thumbnail-6-1024x765.jpg 1024w, http:\/\/iespedroantoniodealarcon.es\/ecoescuela\/wp-content\/uploads\/sites\/8\/2018\/05\/thumbnail-6-401x300.jpg 401w\" sizes=\"auto, (max-width: 1080px) 100vw, 1080px\" \/><\/p>\n<p><img loading=\"lazy\" decoding=\"async\" class=\"aligncenter size-full wp-image-137\" src=\"http:\/\/iespedroantoniodealarcon.es\/ecoescuela\/wp-content\/uploads\/sites\/8\/2018\/05\/thumbnail-8.jpg\" alt=\"\" width=\"1080\" height=\"807\" data-id=\"137\" srcset=\"http:\/\/iespedroantoniodealarcon.es\/ecoescuela\/wp-content\/uploads\/sites\/8\/2018\/05\/thumbnail-8.jpg 1080w, http:\/\/iespedroantoniodealarcon.es\/ecoescuela\/wp-content\/uploads\/sites\/8\/2018\/05\/thumbnail-8-300x224.jpg 300w, http:\/\/iespedroantoniodealarcon.es\/ecoescuela\/wp-content\/uploads\/sites\/8\/2018\/05\/thumbnail-8-768x574.jpg 768w, http:\/\/iespedroantoniodealarcon.es\/ecoescuela\/wp-content\/uploads\/sites\/8\/2018\/05\/thumbnail-8-1024x765.jpg 1024w, http:\/\/iespedroantoniodealarcon.es\/ecoescuela\/wp-content\/uploads\/sites\/8\/2018\/05\/thumbnail-8-401x300.jpg 401w\" sizes=\"auto, (max-width: 1080px) 100vw, 1080px\" \/><\/p>\n<p><img loading=\"lazy\" decoding=\"async\" class=\"aligncenter size-full wp-image-138\" src=\"http:\/\/iespedroantoniodealarcon.es\/ecoescuela\/wp-content\/uploads\/sites\/8\/2018\/05\/thumbnail-9.jpg\" alt=\"\" width=\"1600\" height=\"900\" data-id=\"138\" srcset=\"http:\/\/iespedroantoniodealarcon.es\/ecoescuela\/wp-content\/uploads\/sites\/8\/2018\/05\/thumbnail-9.jpg 1600w, http:\/\/iespedroantoniodealarcon.es\/ecoescuela\/wp-content\/uploads\/sites\/8\/2018\/05\/thumbnail-9-300x169.jpg 300w, http:\/\/iespedroantoniodealarcon.es\/ecoescuela\/wp-content\/uploads\/sites\/8\/2018\/05\/thumbnail-9-768x432.jpg 768w, http:\/\/iespedroantoniodealarcon.es\/ecoescuela\/wp-content\/uploads\/sites\/8\/2018\/05\/thumbnail-9-1024x576.jpg 1024w, http:\/\/iespedroantoniodealarcon.es\/ecoescuela\/wp-content\/uploads\/sites\/8\/2018\/05\/thumbnail-9-533x300.jpg 533w\" sizes=\"auto, (max-width: 1600px) 100vw, 1600px\" \/><\/p>\n","protected":false},"excerpt":{"rendered":"<p>Los alumnos de 1 de ESO B han realizado un taller de reciclaje de tarros de vidrio y pl\u00e1stico. Con esta sencilla actividad realizada en una tutor\u00eda del mes de abril hemos insistido en la concienciaci\u00f3n que supone el reciclaje de envases pensados para un solo uso. Nosotros les damos &hellip;<\/p>\n","protected":false},"author":11,"featured_media":0,"comment_status":"open","ping_status":"open","sticky":false,"template":"","format":"standard","meta":{"footnotes":""},"categories":[1],"tags":[],"class_list":["post-133","post","type-post","status-publish","format-standard","hentry","category-sin-categoria"],"_links":{"self":[{"href":"http:\/\/iespedroantoniodealarcon.es\/ecoescuela\/wp-json\/wp\/v2\/posts\/133","targetHints":{"allow":["GET"]}}],"collection":[{"href":"http:\/\/iespedroantoniodealarcon.es\/ecoescuela\/wp-json\/wp\/v2\/posts"}],"about":[{"href":"http:\/\/iespedroantoniodealarcon.es\/ecoescuela\/wp-json\/wp\/v2\/types\/post"}],"author":[{"embeddable":true,"href":"http:\/\/iespedroantoniodealarcon.es\/ecoescuela\/wp-json\/wp\/v2\/users\/11"}],"replies":[{"embeddable":true,"href":"http:\/\/iespedroantoniodealarcon.es\/ecoescuela\/wp-json\/wp\/v2\/comments?post=133"}],"version-history":[{"count":1,"href":"http:\/\/iespedroantoniodealarcon.es\/ecoescuela\/wp-json\/wp\/v2\/posts\/133\/revisions"}],"predecessor-version":[{"id":139,"href":"http:\/\/iespedroantoniodealarcon.es\/ecoescuela\/wp-json\/wp\/v2\/posts\/133\/revisions\/139"}],"wp:attachment":[{"href":"http:\/\/iespedroantoniodealarcon.es\/ecoescuela\/wp-json\/wp\/v2\/media?parent=133"}],"wp:term":[{"taxonomy":"category","embeddable":true,"href":"http:\/\/iespedroantoniodealarcon.es\/ecoescuela\/wp-json\/wp\/v2\/categories?post=133"},{"taxonomy":"post_tag","embeddable":true,"href":"http:\/\/iespedroantoniodealarcon.es\/ecoescuela\/wp-json\/wp\/v2\/tags?post=133"}],"curies":[{"name":"wp","href":"https:\/\/api.w.org\/{rel}","templated":true}]}}