{"id":126,"date":"2018-05-23T16:01:30","date_gmt":"2018-05-23T16:01:30","guid":{"rendered":"http:\/\/iespedroantoniodealarcon.es\/ecoescuela\/?p=126"},"modified":"2018-05-23T16:01:30","modified_gmt":"2018-05-23T16:01:30","slug":"degustacion-de-habas","status":"publish","type":"post","link":"http:\/\/iespedroantoniodealarcon.es\/ecoescuela\/2018\/05\/23\/degustacion-de-habas\/","title":{"rendered":"Degustaci\u00f3n de habas"},"content":{"rendered":"<p>El Martes, d\u00eda 22 de Mayo tuvo lugar durante el recreo una degustaci\u00f3n de habas de nuestro huerto junto con unas riqu\u00edsimas salaillas.<\/p>\n<p>Aqu\u00ed os dejamos algunas im\u00e1genes:<\/p>\n<figure id=\"attachment_127\" aria-describedby=\"caption-attachment-127\" style=\"width: 1000px\" class=\"wp-caption aligncenter\"><img loading=\"lazy\" decoding=\"async\" class=\"size-full wp-image-127\" src=\"http:\/\/iespedroantoniodealarcon.es\/ecoescuela\/wp-content\/uploads\/sites\/8\/2018\/05\/IMG_20180522_111922.jpg\" alt=\"\" width=\"1000\" height=\"750\" data-id=\"127\" srcset=\"http:\/\/iespedroantoniodealarcon.es\/ecoescuela\/wp-content\/uploads\/sites\/8\/2018\/05\/IMG_20180522_111922.jpg 1000w, http:\/\/iespedroantoniodealarcon.es\/ecoescuela\/wp-content\/uploads\/sites\/8\/2018\/05\/IMG_20180522_111922-300x225.jpg 300w, http:\/\/iespedroantoniodealarcon.es\/ecoescuela\/wp-content\/uploads\/sites\/8\/2018\/05\/IMG_20180522_111922-768x576.jpg 768w, http:\/\/iespedroantoniodealarcon.es\/ecoescuela\/wp-content\/uploads\/sites\/8\/2018\/05\/IMG_20180522_111922-400x300.jpg 400w\" sizes=\"auto, (max-width: 1000px) 100vw, 1000px\" \/><figcaption id=\"caption-attachment-127\" class=\"wp-caption-text\">sdr<\/figcaption><\/figure>\n<figure id=\"attachment_128\" aria-describedby=\"caption-attachment-128\" style=\"width: 1000px\" class=\"wp-caption aligncenter\"><img loading=\"lazy\" decoding=\"async\" class=\"size-full wp-image-128\" src=\"http:\/\/iespedroantoniodealarcon.es\/ecoescuela\/wp-content\/uploads\/sites\/8\/2018\/05\/IMG_20180522_111956.jpg\" alt=\"\" width=\"1000\" height=\"1333\" data-id=\"128\" srcset=\"http:\/\/iespedroantoniodealarcon.es\/ecoescuela\/wp-content\/uploads\/sites\/8\/2018\/05\/IMG_20180522_111956.jpg 1000w, http:\/\/iespedroantoniodealarcon.es\/ecoescuela\/wp-content\/uploads\/sites\/8\/2018\/05\/IMG_20180522_111956-225x300.jpg 225w, http:\/\/iespedroantoniodealarcon.es\/ecoescuela\/wp-content\/uploads\/sites\/8\/2018\/05\/IMG_20180522_111956-768x1024.jpg 768w\" sizes=\"auto, (max-width: 1000px) 100vw, 1000px\" \/><figcaption id=\"caption-attachment-128\" class=\"wp-caption-text\">cof<\/figcaption><\/figure>\n<figure id=\"attachment_129\" aria-describedby=\"caption-attachment-129\" style=\"width: 1000px\" class=\"wp-caption aligncenter\"><img loading=\"lazy\" decoding=\"async\" class=\"size-full wp-image-129\" src=\"http:\/\/iespedroantoniodealarcon.es\/ecoescuela\/wp-content\/uploads\/sites\/8\/2018\/05\/IMG_20180522_112105.jpg\" alt=\"\" width=\"1000\" height=\"750\" data-id=\"129\" srcset=\"http:\/\/iespedroantoniodealarcon.es\/ecoescuela\/wp-content\/uploads\/sites\/8\/2018\/05\/IMG_20180522_112105.jpg 1000w, http:\/\/iespedroantoniodealarcon.es\/ecoescuela\/wp-content\/uploads\/sites\/8\/2018\/05\/IMG_20180522_112105-300x225.jpg 300w, http:\/\/iespedroantoniodealarcon.es\/ecoescuela\/wp-content\/uploads\/sites\/8\/2018\/05\/IMG_20180522_112105-768x576.jpg 768w, http:\/\/iespedroantoniodealarcon.es\/ecoescuela\/wp-content\/uploads\/sites\/8\/2018\/05\/IMG_20180522_112105-400x300.jpg 400w\" sizes=\"auto, (max-width: 1000px) 100vw, 1000px\" \/><figcaption id=\"caption-attachment-129\" class=\"wp-caption-text\">cof<\/figcaption><\/figure>\n<figure id=\"attachment_130\" aria-describedby=\"caption-attachment-130\" style=\"width: 1000px\" class=\"wp-caption aligncenter\"><img loading=\"lazy\" decoding=\"async\" class=\"size-full wp-image-130\" src=\"http:\/\/iespedroantoniodealarcon.es\/ecoescuela\/wp-content\/uploads\/sites\/8\/2018\/05\/IMG_20180522_112234.jpg\" alt=\"\" width=\"1000\" height=\"1333\" data-id=\"130\" srcset=\"http:\/\/iespedroantoniodealarcon.es\/ecoescuela\/wp-content\/uploads\/sites\/8\/2018\/05\/IMG_20180522_112234.jpg 1000w, http:\/\/iespedroantoniodealarcon.es\/ecoescuela\/wp-content\/uploads\/sites\/8\/2018\/05\/IMG_20180522_112234-225x300.jpg 225w, http:\/\/iespedroantoniodealarcon.es\/ecoescuela\/wp-content\/uploads\/sites\/8\/2018\/05\/IMG_20180522_112234-768x1024.jpg 768w\" sizes=\"auto, (max-width: 1000px) 100vw, 1000px\" \/><figcaption id=\"caption-attachment-130\" class=\"wp-caption-text\">sdr<\/figcaption><\/figure>\n","protected":false},"excerpt":{"rendered":"<p>El Martes, d\u00eda 22 de Mayo tuvo lugar durante el recreo una degustaci\u00f3n de habas de nuestro huerto junto con unas riqu\u00edsimas salaillas. Aqu\u00ed os dejamos algunas im\u00e1genes:<\/p>\n","protected":false},"author":11,"featured_media":130,"comment_status":"open","ping_status":"open","sticky":false,"template":"","format":"standard","meta":{"footnotes":""},"categories":[1],"tags":[],"class_list":["post-126","post","type-post","status-publish","format-standard","has-post-thumbnail","hentry","category-sin-categoria"],"_links":{"self":[{"href":"http:\/\/iespedroantoniodealarcon.es\/ecoescuela\/wp-json\/wp\/v2\/posts\/126","targetHints":{"allow":["GET"]}}],"collection":[{"href":"http:\/\/iespedroantoniodealarcon.es\/ecoescuela\/wp-json\/wp\/v2\/posts"}],"about":[{"href":"http:\/\/iespedroantoniodealarcon.es\/ecoescuela\/wp-json\/wp\/v2\/types\/post"}],"author":[{"embeddable":true,"href":"http:\/\/iespedroantoniodealarcon.es\/ecoescuela\/wp-json\/wp\/v2\/users\/11"}],"replies":[{"embeddable":true,"href":"http:\/\/iespedroantoniodealarcon.es\/ecoescuela\/wp-json\/wp\/v2\/comments?post=126"}],"version-history":[{"count":1,"href":"http:\/\/iespedroantoniodealarcon.es\/ecoescuela\/wp-json\/wp\/v2\/posts\/126\/revisions"}],"predecessor-version":[{"id":131,"href":"http:\/\/iespedroantoniodealarcon.es\/ecoescuela\/wp-json\/wp\/v2\/posts\/126\/revisions\/131"}],"wp:featuredmedia":[{"embeddable":true,"href":"http:\/\/iespedroantoniodealarcon.es\/ecoescuela\/wp-json\/wp\/v2\/media\/130"}],"wp:attachment":[{"href":"http:\/\/iespedroantoniodealarcon.es\/ecoescuela\/wp-json\/wp\/v2\/media?parent=126"}],"wp:term":[{"taxonomy":"category","embeddable":true,"href":"http:\/\/iespedroantoniodealarcon.es\/ecoescuela\/wp-json\/wp\/v2\/categories?post=126"},{"taxonomy":"post_tag","embeddable":true,"href":"http:\/\/iespedroantoniodealarcon.es\/ecoescuela\/wp-json\/wp\/v2\/tags?post=126"}],"curies":[{"name":"wp","href":"https:\/\/api.w.org\/{rel}","templated":true}]}}