{"id":116,"date":"2018-05-18T10:37:08","date_gmt":"2018-05-18T10:37:08","guid":{"rendered":"http:\/\/iespedroantoniodealarcon.es\/ecoescuela\/?p=116"},"modified":"2018-05-18T10:48:47","modified_gmt":"2018-05-18T10:48:47","slug":"visita-al-jardin-botanico-umbria-de-la-virgen","status":"publish","type":"post","link":"http:\/\/iespedroantoniodealarcon.es\/ecoescuela\/2018\/05\/18\/visita-al-jardin-botanico-umbria-de-la-virgen\/","title":{"rendered":"Visita al Jard\u00edn Bot\u00e1nico &#8216;Umbr\u00eda de la Virgen&#8217;"},"content":{"rendered":"<p>Visita al Jard\u00edn Bot\u00e1nico Umbr\u00eda de la Virgen, en la Sierra de Mar\u00eda-Los V\u00e9lez, con alumnos de primero y segundo de la ESO. Se realizaron talleres de fabricaci\u00f3n de bombas de semillas, recorrido bot\u00e1nico, manualidades con pi\u00f1as y juegos de reconocimiento de plantas. Un d\u00eda estupendo!<\/p>\n<p>Aqu\u00ed os dejamos el <a href=\"http:\/\/www.veoh.com\/watch\/v138375760KtEBzbtS\">enlace<\/a> al v\u00eddeo que grabamos.<\/p>\n","protected":false},"excerpt":{"rendered":"<p>Visita al Jard\u00edn Bot\u00e1nico Umbr\u00eda de la Virgen, en la Sierra de Mar\u00eda-Los V\u00e9lez, con alumnos de primero y segundo de la ESO. Se realizaron talleres de fabricaci\u00f3n de bombas de semillas, recorrido bot\u00e1nico, manualidades con pi\u00f1as y juegos de reconocimiento de plantas. Un d\u00eda estupendo! Aqu\u00ed os dejamos el &hellip;<\/p>\n","protected":false},"author":11,"featured_media":118,"comment_status":"open","ping_status":"open","sticky":false,"template":"","format":"standard","meta":{"footnotes":""},"categories":[1],"tags":[],"class_list":["post-116","post","type-post","status-publish","format-standard","has-post-thumbnail","hentry","category-sin-categoria"],"_links":{"self":[{"href":"http:\/\/iespedroantoniodealarcon.es\/ecoescuela\/wp-json\/wp\/v2\/posts\/116","targetHints":{"allow":["GET"]}}],"collection":[{"href":"http:\/\/iespedroantoniodealarcon.es\/ecoescuela\/wp-json\/wp\/v2\/posts"}],"about":[{"href":"http:\/\/iespedroantoniodealarcon.es\/ecoescuela\/wp-json\/wp\/v2\/types\/post"}],"author":[{"embeddable":true,"href":"http:\/\/iespedroantoniodealarcon.es\/ecoescuela\/wp-json\/wp\/v2\/users\/11"}],"replies":[{"embeddable":true,"href":"http:\/\/iespedroantoniodealarcon.es\/ecoescuela\/wp-json\/wp\/v2\/comments?post=116"}],"version-history":[{"count":1,"href":"http:\/\/iespedroantoniodealarcon.es\/ecoescuela\/wp-json\/wp\/v2\/posts\/116\/revisions"}],"predecessor-version":[{"id":117,"href":"http:\/\/iespedroantoniodealarcon.es\/ecoescuela\/wp-json\/wp\/v2\/posts\/116\/revisions\/117"}],"wp:featuredmedia":[{"embeddable":true,"href":"http:\/\/iespedroantoniodealarcon.es\/ecoescuela\/wp-json\/wp\/v2\/media\/118"}],"wp:attachment":[{"href":"http:\/\/iespedroantoniodealarcon.es\/ecoescuela\/wp-json\/wp\/v2\/media?parent=116"}],"wp:term":[{"taxonomy":"category","embeddable":true,"href":"http:\/\/iespedroantoniodealarcon.es\/ecoescuela\/wp-json\/wp\/v2\/categories?post=116"},{"taxonomy":"post_tag","embeddable":true,"href":"http:\/\/iespedroantoniodealarcon.es\/ecoescuela\/wp-json\/wp\/v2\/tags?post=116"}],"curies":[{"name":"wp","href":"https:\/\/api.w.org\/{rel}","templated":true}]}}