{"id":1,"date":"2018-02-22T09:19:29","date_gmt":"2018-02-22T09:19:29","guid":{"rendered":"http:\/\/iespedroantoniodealarcon.es\/ecoescuela\/?p=1"},"modified":"2018-02-23T10:25:53","modified_gmt":"2018-02-23T10:25:53","slug":"hola-mundo","status":"publish","type":"post","link":"http:\/\/iespedroantoniodealarcon.es\/ecoescuela\/2018\/02\/22\/hola-mundo\/","title":{"rendered":"NOS SENSIBILIZAMOS CON LOS RESIDUOS"},"content":{"rendered":"<p class=\"m_-4180185030637512777ydpa8890c4yiv8928658194ydp715be6bcMsoNormal\"><span lang=\"ES-TRAD\">Durante este curso, dentro del proyecto Ecoescuela vamos a trabajar el Bloque del Residuos y Reciclaje. Para ello, hemos realizado las jornadas de sensibilizaci\u00f3n con el visionado de un cap\u00edtulo del programa \u201cVolando Voy\u201d, llamado <strong>Los Flys del Pa\u00eds Vasco<\/strong>. <\/span><\/p>\n<p class=\"m_-4180185030637512777ydpa8890c4yiv8928658194ydp715be6bcMsoNormal\"><span lang=\"ES-TRAD\">Con \u00e9l hemos trabajado aspectos como el voluntariado ambiental, el problema de los pl\u00e1sticos en el mar y la importancia de tener sue\u00f1os y luchar por ellos. Es la base para poder llevar a cabo durante todo el curso las Brigadas de Limpieza.\u00a0<\/span><\/p>\n<p>&nbsp;<\/p>\n<p class=\"m_-4180185030637512777ydpa8890c4yiv8928658194ydp715be6bcMsoNormal\"><img loading=\"lazy\" decoding=\"async\" class=\"aligncenter size-full wp-image-8\" src=\"http:\/\/iespedroantoniodealarcon.es\/ecoescuela\/wp-content\/uploads\/sites\/8\/2018\/02\/images.jpg\" alt=\"\" width=\"300\" height=\"168\" data-id=\"8\" \/><\/p>\n<p>&nbsp;<\/p>\n<p><img loading=\"lazy\" decoding=\"async\" class=\"aligncenter size-full wp-image-7\" src=\"http:\/\/iespedroantoniodealarcon.es\/ecoescuela\/wp-content\/uploads\/sites\/8\/2018\/02\/A1-1202136370-k2FD-U3067322139562-575x323@Diario-Vasco.jpg\" alt=\"\" width=\"574\" height=\"323\" data-id=\"7\" srcset=\"http:\/\/iespedroantoniodealarcon.es\/ecoescuela\/wp-content\/uploads\/sites\/8\/2018\/02\/A1-1202136370-k2FD-U3067322139562-575x323@Diario-Vasco.jpg 574w, http:\/\/iespedroantoniodealarcon.es\/ecoescuela\/wp-content\/uploads\/sites\/8\/2018\/02\/A1-1202136370-k2FD-U3067322139562-575x323@Diario-Vasco-300x169.jpg 300w\" sizes=\"auto, (max-width: 574px) 100vw, 574px\" \/><\/p>\n","protected":false},"excerpt":{"rendered":"<p>Durante este curso, dentro del proyecto Ecoescuela vamos a trabajar el Bloque del Residuos y Reciclaje. Para ello, hemos realizado las jornadas de sensibilizaci\u00f3n con el visionado de un cap\u00edtulo del programa \u201cVolando Voy\u201d, llamado Los Flys del Pa\u00eds Vasco. Con \u00e9l hemos trabajado aspectos como el voluntariado ambiental, el &hellip;<\/p>\n","protected":false},"author":11,"featured_media":8,"comment_status":"open","ping_status":"open","sticky":false,"template":"","format":"gallery","meta":{"footnotes":""},"categories":[1],"tags":[],"class_list":["post-1","post","type-post","status-publish","format-gallery","has-post-thumbnail","hentry","category-sin-categoria","post_format-post-format-gallery"],"_links":{"self":[{"href":"http:\/\/iespedroantoniodealarcon.es\/ecoescuela\/wp-json\/wp\/v2\/posts\/1","targetHints":{"allow":["GET"]}}],"collection":[{"href":"http:\/\/iespedroantoniodealarcon.es\/ecoescuela\/wp-json\/wp\/v2\/posts"}],"about":[{"href":"http:\/\/iespedroantoniodealarcon.es\/ecoescuela\/wp-json\/wp\/v2\/types\/post"}],"author":[{"embeddable":true,"href":"http:\/\/iespedroantoniodealarcon.es\/ecoescuela\/wp-json\/wp\/v2\/users\/11"}],"replies":[{"embeddable":true,"href":"http:\/\/iespedroantoniodealarcon.es\/ecoescuela\/wp-json\/wp\/v2\/comments?post=1"}],"version-history":[{"count":3,"href":"http:\/\/iespedroantoniodealarcon.es\/ecoescuela\/wp-json\/wp\/v2\/posts\/1\/revisions"}],"predecessor-version":[{"id":6,"href":"http:\/\/iespedroantoniodealarcon.es\/ecoescuela\/wp-json\/wp\/v2\/posts\/1\/revisions\/6"}],"wp:featuredmedia":[{"embeddable":true,"href":"http:\/\/iespedroantoniodealarcon.es\/ecoescuela\/wp-json\/wp\/v2\/media\/8"}],"wp:attachment":[{"href":"http:\/\/iespedroantoniodealarcon.es\/ecoescuela\/wp-json\/wp\/v2\/media?parent=1"}],"wp:term":[{"taxonomy":"category","embeddable":true,"href":"http:\/\/iespedroantoniodealarcon.es\/ecoescuela\/wp-json\/wp\/v2\/categories?post=1"},{"taxonomy":"post_tag","embeddable":true,"href":"http:\/\/iespedroantoniodealarcon.es\/ecoescuela\/wp-json\/wp\/v2\/tags?post=1"}],"curies":[{"name":"wp","href":"https:\/\/api.w.org\/{rel}","templated":true}]}}